{"id":14854,"date":"2021-12-23T13:10:47","date_gmt":"2021-12-23T16:10:47","guid":{"rendered":"https:\/\/academica.uncoma.edu.ar\/?p=14854"},"modified":"2021-12-23T13:39:59","modified_gmt":"2021-12-23T16:39:59","slug":"presencialidad-cuidada-combinada-con-las-plataformas-para-el-2022","status":"publish","type":"post","link":"https:\/\/academica.uncoma.edu.ar\/index.php\/presencialidad-cuidada-combinada-con-las-plataformas-para-el-2022\/","title":{"rendered":"\u00abPresencialidad cuidada, combinada con las plataformas para el 2022\u00bb"},"content":{"rendered":"<p><span class=\"style-scope yt-formatted-string\" dir=\"auto\">Se realiz\u00f3 el pasado 22 de diciembre el \u00abConversatorio de bienvenida a ingresantes 2022 a la Universidad Nacional del Comahue\u00bb por parte del Rector Lic. Gustavo Crisafulli y la Secretaria Acad\u00e9mica Mg. Lidia L\u00f3pez, que organiz\u00f3 la Direcci\u00f3n de Orientaci\u00f3n e Ingreso Estudiantil de la Secretar\u00eda Acad\u00e9mica.<\/span><\/p>\n<p>La Mg. Lidia L\u00f3pez, Secretaria Acad\u00e9mica de la #UNComa, se refiri\u00f3 al concepto de<strong> hibridaci\u00f3n <\/strong>\u00abque comenz\u00f3 a instalarse y que nuestra administraci\u00f3n ya esta desarrollando&#8230;tenemos que trabajar sobre esto para la educaci\u00f3n, lo que significa que <strong>vamos a tener que convivir con las dos modalidades virtual y presencial.<\/strong> Empezar a <strong>habilitar m\u00e1s espacios de presencialidad cumpliendo con los protocolos aprobados<\/strong>.<\/p>\n<p>L\u00f3pez sostuvo que\u00bb la presencialidad es esencial para nuestras carreras por eso tenemos que ir recuper\u00e1ndola \u00a0en la medida que podamos, siendo <strong>responsables de nuestra condici\u00f3n sanitaria, <\/strong>evitando encuentros masivos y viendo como se desarrolla la #Pandemia\u00bb. \u00abA los docentes les digo que <strong>entramos en una nueva etapa<\/strong>, <strong>pasamos de tener todo en la plataforma y ahora a tener una parte en la plataforma y otra en actividades acad\u00e9micas presenciales que se puedan desarrollar,<\/strong> que tambien va a requerir de alguna capacitaci\u00f3n\u00bb.<\/p>\n<p><span class=\"style-scope yt-formatted-string\" dir=\"auto\">Ante las consultas por la modalidad que implementar\u00e1 la #UNComa de cara a un\u00a0 nuevo ciclo acad\u00e9mico, el Rector Lic. Gustavo Crisafulli indic\u00f3: <\/span>\u201cvamos a tener <strong>una nueva Presencialidad Cuidada<\/strong>, durante el segundo cuatrimestre de 2021 tuvimos los trabajos de laboratorio, las salidas de campo, los trabajos de gabinete y los ex\u00e1menes; los que vamos a sumar son las actividades de consulta y algunas clases. Vamos a combinar clases presenciales con clases en la plataforma y lo que se llama \u00abaulas h\u00edbridas\u00bb una clase en un aula especialmente \u00a0acondicionada para que un grupo de estudiantes puedan estar en forma presencial y otro desde la plataforma y que puedan interactuar entre s\u00ed\u2026lo que llamamos <strong>\u00abla bimodalidad\u201d. <\/strong><\/p>\n<p>\u201cHoy tenemos una infraestructura tecnol\u00f3gica para las plataformas superior a la ten\u00edamos, tambi\u00e9n tenemos la posibilidad de ir incrementando el aforo, <strong>ambas cosas dependen fundamentalmente de las decisiones que tomen las autoridades sanitarias y de c\u00f3mo se comporte la #Pandemia<\/strong>\u2026pero todos aspiramos a mantener en el 2022 un nivel de actividad presencial m\u00e1s intensa, pero <strong>entendiendo que la pandemia no ha terminado<\/strong>, ser\u00e1 \u00a0el esfuerzo y la responsabilidad de todos y todas, docentes, no-docentes y estudiantes, para realizar el mayor trabajo conjunto\u00bb,\u201cLo que tiene que quedar claro a las y los futuros ingresantes es que la universidad va hacer el mayor esfuerzo para tener la mayor cantidad posible de actividad presencial que garantice la seguridad sanitaria colectiva de las personas\u201d. \u00abTenemos\u00a0 11 ciudades entre las Neuqu\u00e9n y R\u00edo Negro con sedes muy grandes y otras m\u00e1s peque\u00f1as y tenemos que lograr un est\u00e1ndar com\u00fan para todos tengan el mismo piso\u2026<strong>pero lo que tenemos que lograr es que en las todas la ciudades haya actividad presencial combinada con el uso de las plafataformas\u201d <\/strong>destac\u00f3 Crisafulli.<\/p>\n<p>Conversatorio completo en :<\/p>\n<p><a href=\"https:\/\/www.youtube.com\/watch?v=XA4WJdAYoB0&amp;t=472s\">https:\/\/www.youtube.com\/watch?v=XA4WJdAYoB0&amp;t=472s<\/a><\/p>\n<p>(Prensa Acad\u00e9mica)<\/p>\n<p>&nbsp;<\/p>\n","protected":false},"excerpt":{"rendered":"<p>La Universidad Nacional del Comahue aspira a la Bimodalidad para el nuevo ciclo acad\u00e9mico<\/p>\n","protected":false},"author":2,"featured_media":14856,"comment_status":"open","ping_status":"open","sticky":false,"template":"","format":"standard","meta":{"_acf_changed":false,"footnotes":""},"categories":[14,7,22,38],"tags":[43,63,39,37,59],"class_list":["post-14854","post","type-post","status-publish","format-standard","has-post-thumbnail","hentry","category-autoridades","category-estudiantes","category-novedades","category-orientacion-e-ingreso","tag-comahuevirtual","tag-conversatorios-en-linea","tag-ingreso2022","tag-ingresouncoma","tag-universidades-publicas"],"acf":[],"_links":{"self":[{"href":"https:\/\/academica.uncoma.edu.ar\/index.php\/wp-json\/wp\/v2\/posts\/14854","targetHints":{"allow":["GET"]}}],"collection":[{"href":"https:\/\/academica.uncoma.edu.ar\/index.php\/wp-json\/wp\/v2\/posts"}],"about":[{"href":"https:\/\/academica.uncoma.edu.ar\/index.php\/wp-json\/wp\/v2\/types\/post"}],"author":[{"embeddable":true,"href":"https:\/\/academica.uncoma.edu.ar\/index.php\/wp-json\/wp\/v2\/users\/2"}],"replies":[{"embeddable":true,"href":"https:\/\/academica.uncoma.edu.ar\/index.php\/wp-json\/wp\/v2\/comments?post=14854"}],"version-history":[{"count":5,"href":"https:\/\/academica.uncoma.edu.ar\/index.php\/wp-json\/wp\/v2\/posts\/14854\/revisions"}],"predecessor-version":[{"id":14861,"href":"https:\/\/academica.uncoma.edu.ar\/index.php\/wp-json\/wp\/v2\/posts\/14854\/revisions\/14861"}],"wp:featuredmedia":[{"embeddable":true,"href":"https:\/\/academica.uncoma.edu.ar\/index.php\/wp-json\/wp\/v2\/media\/14856"}],"wp:attachment":[{"href":"https:\/\/academica.uncoma.edu.ar\/index.php\/wp-json\/wp\/v2\/media?parent=14854"}],"wp:term":[{"taxonomy":"category","embeddable":true,"href":"https:\/\/academica.uncoma.edu.ar\/index.php\/wp-json\/wp\/v2\/categories?post=14854"},{"taxonomy":"post_tag","embeddable":true,"href":"https:\/\/academica.uncoma.edu.ar\/index.php\/wp-json\/wp\/v2\/tags?post=14854"}],"curies":[{"name":"wp","href":"https:\/\/api.w.org\/{rel}","templated":true}]}}